{"id":382,"date":"2024-03-21T13:14:25","date_gmt":"2024-03-21T12:14:25","guid":{"rendered":"http:\/\/podcast.muzeumleszno.pl\/?p=382"},"modified":"2024-03-21T13:14:25","modified_gmt":"2024-03-21T12:14:25","slug":"historia-leszczynskiej-fotografii","status":"publish","type":"post","link":"http:\/\/podcast.muzeumleszno.pl\/?p=382","title":{"rendered":"Historia leszczy\u0144skiej fotografii"},"content":{"rendered":"<p>Fragment ksi\u0105\u017cki pt. &#8222;Migawki ze \u015bwiata minionego. Leszczy\u0144skie atelier fotograficzne w latach: 1861 \u2013 1939&#8221;. b\u0119d\u0105cej katalogiem wystawy, czyta Dariusz Czwojdrak, historyk Muzeum Okr\u0119gowego w Lesznie.<\/p>\n<p>Wystawa oparta zosta\u0142a si\u0119 na pracach wykonanych w leszczy\u0144skich atelier fotograficznych od 1861 r., do lat 40 XX w. To przegl\u0105d tw\u00f3rczo\u015bci fotograf\u00f3w dzia\u0142aj\u0105cych w Lesznie na przestrzeni lat. Od prac niesygnowanych (w pocz\u0105tkowym okresie fotografowie nie sygnowali swoich zdj\u0119\u0107) po te, kt\u00f3re pochodz\u0105 z atelier Tadeusza Semrau i Ma\u0142gorzaty Kochowicz, a wi\u0119c z okresu mi\u0119dzywojennego.<\/p>\n<p>Pocz\u0105tkowo fotografi\u0105 zajmowali si\u0119 kupcy, malarze czy nauczyciele gimnazjalni, z up\u0142ywem lat do tego zawodu wchodzili profesjonalni fotograficy u\u017cywaj\u0105cy tytu\u0142u fotograf\u00f3w dworskich kr\u00f3l\u00f3w czy ksi\u0105\u017c\u0105t. Dzi\u0119ki ozdobnym odwrociom zdj\u0119\u0107, b\u0119dzie mo\u017cna zobaczy\u0107 dok\u0142adn\u0105 lokalizacj\u0119 leszczy\u0144skich atelier na specjalnej mapie.<\/p>\n<p>Ciekawostk\u0105 s\u0105 zdj\u0119cia si\u00f3str G\u00fcnther z Leszna, wykonane w latach 60 XIX w., w studiu Ferdinanda Gregora i g\u0142ogowskich fotograf\u00f3w pracuj\u0105cych w Lesznie \u2013 Rabe&amp;Thiele. Z tego okresu pochodz\u0105 r\u00f3wnie\u017c fotografie gabinetowe znanych leszczynian: doktora Jana Metziga z atelier Nordona Meyera oraz Stanis\u0142awa Karwowskiego autorstwa Ottomara Ansch\u00fctza. Na zdj\u0119ciach zobaczymy r\u00f3wnie\u017c rodzin\u0119 ostatniego dyrektora leszczy\u0144skiego m\u0119skiego gimnazjum z czas\u00f3w pruskich, Alfreda von Sandena, w\u0142a\u015bciciela maj\u0105tku Czacz \u2013 Jana \u017b\u00f3\u0142towskiego, czy Jana i J\u00f3zefa G\u00f3reckich. Ciekawostk\u0105 s\u0105 r\u00f3wnie\u017c zdj\u0119cia wykonane w ruchu z oko\u0142o 1886 r. autorstwa Ottomara Ansch\u00fctza.<\/p>\n<p><iframe class=\"wp-embedded-content\" sandbox=\"allow-scripts\" security=\"restricted\" title=\"Historia leszczy\u0144skiej fotografii by Podcast Muzeum Okr\u0119gowe w Lesznie - opowiadamy historie(\u0119)\" src=\"https:\/\/anchor.fm\/muzeum-leszno\/embed\/episodes\/Historia-leszczyskiej-fotografii-e2gn9kr#?secret=cjD35gTWoK\" data-secret=\"cjD35gTWoK\" height=\"102px\" width=\"400px\" frameborder=\"0\" scrolling=\"no\"><\/iframe><\/p>\n","protected":false},"excerpt":{"rendered":"<p>Fragment ksi\u0105\u017cki pt. &#8222;Migawki ze \u015bwiata minionego. Leszczy\u0144skie atelier fotograficzne w latach: 1861 \u2013 1939&#8221;. b\u0119d\u0105cej katalogiem wystawy, czyta Dariusz Czwojdrak, historyk Muzeum Okr\u0119gowego w Lesznie. Wystawa oparta zosta\u0142a si\u0119 [&hellip;]<\/p>\n","protected":false},"author":3,"featured_media":175,"comment_status":"closed","ping_status":"open","sticky":false,"template":"","format":"standard","meta":{"footnotes":""},"categories":[5],"tags":[],"class_list":["post-382","post","type-post","status-publish","format-standard","has-post-thumbnail","hentry","category-podcast"],"_links":{"self":[{"href":"http:\/\/podcast.muzeumleszno.pl\/index.php?rest_route=\/wp\/v2\/posts\/382","targetHints":{"allow":["GET"]}}],"collection":[{"href":"http:\/\/podcast.muzeumleszno.pl\/index.php?rest_route=\/wp\/v2\/posts"}],"about":[{"href":"http:\/\/podcast.muzeumleszno.pl\/index.php?rest_route=\/wp\/v2\/types\/post"}],"author":[{"embeddable":true,"href":"http:\/\/podcast.muzeumleszno.pl\/index.php?rest_route=\/wp\/v2\/users\/3"}],"replies":[{"embeddable":true,"href":"http:\/\/podcast.muzeumleszno.pl\/index.php?rest_route=%2Fwp%2Fv2%2Fcomments&post=382"}],"version-history":[{"count":1,"href":"http:\/\/podcast.muzeumleszno.pl\/index.php?rest_route=\/wp\/v2\/posts\/382\/revisions"}],"predecessor-version":[{"id":383,"href":"http:\/\/podcast.muzeumleszno.pl\/index.php?rest_route=\/wp\/v2\/posts\/382\/revisions\/383"}],"wp:featuredmedia":[{"embeddable":true,"href":"http:\/\/podcast.muzeumleszno.pl\/index.php?rest_route=\/wp\/v2\/media\/175"}],"wp:attachment":[{"href":"http:\/\/podcast.muzeumleszno.pl\/index.php?rest_route=%2Fwp%2Fv2%2Fmedia&parent=382"}],"wp:term":[{"taxonomy":"category","embeddable":true,"href":"http:\/\/podcast.muzeumleszno.pl\/index.php?rest_route=%2Fwp%2Fv2%2Fcategories&post=382"},{"taxonomy":"post_tag","embeddable":true,"href":"http:\/\/podcast.muzeumleszno.pl\/index.php?rest_route=%2Fwp%2Fv2%2Ftags&post=382"}],"curies":[{"name":"wp","href":"https:\/\/api.w.org\/{rel}","templated":true}]}}