{"id":339,"date":"2023-07-13T11:04:20","date_gmt":"2023-07-13T09:04:20","guid":{"rendered":"http:\/\/podcast.muzeumleszno.pl\/?p=339"},"modified":"2023-07-13T11:07:42","modified_gmt":"2023-07-13T09:07:42","slug":"huculszczyzna-wspomnienie-wystawy","status":"publish","type":"post","link":"http:\/\/podcast.muzeumleszno.pl\/?p=339","title":{"rendered":"Huculszczyzna &#8211; wspomnienie wystawy"},"content":{"rendered":"<p>W ostatnim czasie w Muzeum Okr\u0119gowym w Lesznie eksponowane by\u0142y przedmioty zwi\u0105zane z Huculszczyzn\u0105, malowniczym regionem zachodniej Ukrainy. Co charakteryzuje kultur\u0119 ukrai\u0144skich g\u00f3rali? Tego dowiecie si\u0119 z rozmowy z Ew\u0105 Tomaszewsk\u0105, etnolo\u017ck\u0105, autork\u0105 wystawy.<\/p>\n<p><iframe class=\"wp-embedded-content\" sandbox=\"allow-scripts\" security=\"restricted\" title=\"&quot;Huculszczyzna - wspomnienie wystawy&quot; by Podcast Muzeum Okr\u0119gowe w Lesznie - opowiadamy historie(\u0119)\" src=\"https:\/\/anchor.fm\/muzeum-leszno\/embed\/episodes\/Huculszczyzna---wspomnienie-wystawy-e26ck4b#?secret=fBXB2JjIii\" data-secret=\"fBXB2JjIii\" height=\"102px\" width=\"400px\" frameborder=\"0\" scrolling=\"no\"><\/iframe><\/p>\n<div id='gallery-1' class='gallery galleryid-339 gallery-columns-3 gallery-size-thumbnail'><figure class='gallery-item'>\n\t\t\t<div class='gallery-icon landscape'>\n\t\t\t\t<a href='http:\/\/podcast.muzeumleszno.pl\/?attachment_id=342'><img decoding=\"async\" width=\"150\" height=\"150\" src=\"http:\/\/podcast.muzeumleszno.pl\/wp-content\/uploads\/2023\/07\/DSC7528-150x150.jpg\" class=\"attachment-thumbnail size-thumbnail\" alt=\"\" srcset=\"http:\/\/podcast.muzeumleszno.pl\/wp-content\/uploads\/2023\/07\/DSC7528-150x150.jpg 150w, http:\/\/podcast.muzeumleszno.pl\/wp-content\/uploads\/2023\/07\/DSC7528-300x300.jpg 300w, http:\/\/podcast.muzeumleszno.pl\/wp-content\/uploads\/2023\/07\/DSC7528-1024x1024.jpg 1024w, http:\/\/podcast.muzeumleszno.pl\/wp-content\/uploads\/2023\/07\/DSC7528-768x768.jpg 768w\" sizes=\"(max-width: 150px) 100vw, 150px\" \/><\/a>\n\t\t\t<\/div><\/figure><figure class='gallery-item'>\n\t\t\t<div class='gallery-icon portrait'>\n\t\t\t\t<a href='http:\/\/podcast.muzeumleszno.pl\/?attachment_id=344'><img decoding=\"async\" width=\"150\" height=\"150\" src=\"http:\/\/podcast.muzeumleszno.pl\/wp-content\/uploads\/2023\/07\/Fryderyk-Pautsch-Hucul-na-koniu-1911-SLAJD-150x150.jpg\" class=\"attachment-thumbnail size-thumbnail\" alt=\"\" srcset=\"http:\/\/podcast.muzeumleszno.pl\/wp-content\/uploads\/2023\/07\/Fryderyk-Pautsch-Hucul-na-koniu-1911-SLAJD-150x150.jpg 150w, http:\/\/podcast.muzeumleszno.pl\/wp-content\/uploads\/2023\/07\/Fryderyk-Pautsch-Hucul-na-koniu-1911-SLAJD-300x300.jpg 300w, http:\/\/podcast.muzeumleszno.pl\/wp-content\/uploads\/2023\/07\/Fryderyk-Pautsch-Hucul-na-koniu-1911-SLAJD-1024x1024.jpg 1024w, http:\/\/podcast.muzeumleszno.pl\/wp-content\/uploads\/2023\/07\/Fryderyk-Pautsch-Hucul-na-koniu-1911-SLAJD-768x768.jpg 768w\" sizes=\"(max-width: 150px) 100vw, 150px\" \/><\/a>\n\t\t\t<\/div><\/figure><figure class='gallery-item'>\n\t\t\t<div class='gallery-icon portrait'>\n\t\t\t\t<a href='http:\/\/podcast.muzeumleszno.pl\/?attachment_id=345'><img decoding=\"async\" width=\"150\" height=\"150\" src=\"http:\/\/podcast.muzeumleszno.pl\/wp-content\/uploads\/2023\/07\/MLE35-1-150x150.jpg\" class=\"attachment-thumbnail size-thumbnail\" alt=\"\" aria-describedby=\"gallery-1-345\" srcset=\"http:\/\/podcast.muzeumleszno.pl\/wp-content\/uploads\/2023\/07\/MLE35-1-150x150.jpg 150w, http:\/\/podcast.muzeumleszno.pl\/wp-content\/uploads\/2023\/07\/MLE35-1-300x300.jpg 300w\" sizes=\"(max-width: 150px) 100vw, 150px\" \/><\/a>\n\t\t\t<\/div>\n\t\t\t\t<figcaption class='wp-caption-text gallery-caption' id='gallery-1-345'>\n\t\t\t\tAutor nieznany; Ukraina; Pokucie; lata 20-30 XX w.; glina; wypalanie; zdobienie; wys. 23,8, szer. 20,8 cm; Muzeum Okr\u0119gowe w Lesznie; MLE35\n\t\t\t\t<\/figcaption><\/figure><figure class='gallery-item'>\n\t\t\t<div class='gallery-icon portrait'>\n\t\t\t\t<a href='http:\/\/podcast.muzeumleszno.pl\/?attachment_id=346'><img loading=\"lazy\" decoding=\"async\" width=\"150\" height=\"150\" src=\"http:\/\/podcast.muzeumleszno.pl\/wp-content\/uploads\/2023\/07\/1b-1-150x150.jpeg\" class=\"attachment-thumbnail size-thumbnail\" alt=\"\" srcset=\"http:\/\/podcast.muzeumleszno.pl\/wp-content\/uploads\/2023\/07\/1b-1-150x150.jpeg 150w, http:\/\/podcast.muzeumleszno.pl\/wp-content\/uploads\/2023\/07\/1b-1-300x300.jpeg 300w, http:\/\/podcast.muzeumleszno.pl\/wp-content\/uploads\/2023\/07\/1b-1-1024x1024.jpeg 1024w, http:\/\/podcast.muzeumleszno.pl\/wp-content\/uploads\/2023\/07\/1b-1-768x768.jpeg 768w\" sizes=\"(max-width: 150px) 100vw, 150px\" \/><\/a>\n\t\t\t<\/div><\/figure>\n\t\t<\/div>\n\n<p>&nbsp;<\/p>\n","protected":false},"excerpt":{"rendered":"<p>W ostatnim czasie w Muzeum Okr\u0119gowym w Lesznie eksponowane by\u0142y przedmioty zwi\u0105zane z Huculszczyzn\u0105, malowniczym regionem zachodniej Ukrainy. Co charakteryzuje kultur\u0119 ukrai\u0144skich g\u00f3rali? Tego dowiecie si\u0119 z rozmowy z Ew\u0105 [&hellip;]<\/p>\n","protected":false},"author":3,"featured_media":341,"comment_status":"closed","ping_status":"open","sticky":false,"template":"","format":"standard","meta":{"footnotes":""},"categories":[5,4],"tags":[],"class_list":["post-339","post","type-post","status-publish","format-standard","has-post-thumbnail","hentry","category-podcast","category-rozmowy"],"_links":{"self":[{"href":"http:\/\/podcast.muzeumleszno.pl\/index.php?rest_route=\/wp\/v2\/posts\/339","targetHints":{"allow":["GET"]}}],"collection":[{"href":"http:\/\/podcast.muzeumleszno.pl\/index.php?rest_route=\/wp\/v2\/posts"}],"about":[{"href":"http:\/\/podcast.muzeumleszno.pl\/index.php?rest_route=\/wp\/v2\/types\/post"}],"author":[{"embeddable":true,"href":"http:\/\/podcast.muzeumleszno.pl\/index.php?rest_route=\/wp\/v2\/users\/3"}],"replies":[{"embeddable":true,"href":"http:\/\/podcast.muzeumleszno.pl\/index.php?rest_route=%2Fwp%2Fv2%2Fcomments&post=339"}],"version-history":[{"count":2,"href":"http:\/\/podcast.muzeumleszno.pl\/index.php?rest_route=\/wp\/v2\/posts\/339\/revisions"}],"predecessor-version":[{"id":347,"href":"http:\/\/podcast.muzeumleszno.pl\/index.php?rest_route=\/wp\/v2\/posts\/339\/revisions\/347"}],"wp:featuredmedia":[{"embeddable":true,"href":"http:\/\/podcast.muzeumleszno.pl\/index.php?rest_route=\/wp\/v2\/media\/341"}],"wp:attachment":[{"href":"http:\/\/podcast.muzeumleszno.pl\/index.php?rest_route=%2Fwp%2Fv2%2Fmedia&parent=339"}],"wp:term":[{"taxonomy":"category","embeddable":true,"href":"http:\/\/podcast.muzeumleszno.pl\/index.php?rest_route=%2Fwp%2Fv2%2Fcategories&post=339"},{"taxonomy":"post_tag","embeddable":true,"href":"http:\/\/podcast.muzeumleszno.pl\/index.php?rest_route=%2Fwp%2Fv2%2Ftags&post=339"}],"curies":[{"name":"wp","href":"https:\/\/api.w.org\/{rel}","templated":true}]}}