{"id":314,"date":"2023-05-11T10:22:04","date_gmt":"2023-05-11T08:22:04","guid":{"rendered":"http:\/\/podcast.muzeumleszno.pl\/?p=314"},"modified":"2025-03-10T13:42:17","modified_gmt":"2025-03-10T12:42:17","slug":"leo-baeck-zydowski-mysliciel-z-leszna","status":"publish","type":"post","link":"http:\/\/podcast.muzeumleszno.pl\/?p=314","title":{"rendered":"Leo Baeck \u2013 \u017cydowski my\u015bliciel z Leszna"},"content":{"rendered":"<p><strong>Kim by\u0142 Leo Baeck? Czym zas\u0142yn\u0105? Dlaczego warto kultywowa\u0107 pami\u0119\u0107 o nim? O tym opowiada Dariusz Czwojdrak, historyk Muzeum Okr\u0119gowego w Lesznie.<\/strong><\/p>\n<p><iframe title=\"Spotify Embed: Leo Baeck\" style=\"border-radius: 12px\" width=\"100%\" height=\"152\" frameborder=\"0\" allowfullscreen allow=\"autoplay; clipboard-write; encrypted-media; fullscreen; picture-in-picture\" loading=\"lazy\" src=\"https:\/\/open.spotify.com\/embed\/episode\/20tKvCm4xoZT8MSvcbDaqB?si=9abaec44e16144a8&#038;utm_source=oembed\"><\/iframe><\/p>\n<div id='gallery-1' class='gallery galleryid-314 gallery-columns-3 gallery-size-thumbnail'><figure class='gallery-item'>\n\t\t\t<div class='gallery-icon portrait'>\n\t\t\t\t<a href='http:\/\/podcast.muzeumleszno.pl\/?attachment_id=317'><img decoding=\"async\" width=\"150\" height=\"150\" src=\"http:\/\/podcast.muzeumleszno.pl\/wp-content\/uploads\/2023\/05\/01-Leo-Baeck-150x150.jpg\" class=\"attachment-thumbnail size-thumbnail\" alt=\"\" srcset=\"http:\/\/podcast.muzeumleszno.pl\/wp-content\/uploads\/2023\/05\/01-Leo-Baeck-150x150.jpg 150w, http:\/\/podcast.muzeumleszno.pl\/wp-content\/uploads\/2023\/05\/01-Leo-Baeck-300x300.jpg 300w, http:\/\/podcast.muzeumleszno.pl\/wp-content\/uploads\/2023\/05\/01-Leo-Baeck-768x768.jpg 768w\" sizes=\"(max-width: 150px) 100vw, 150px\" \/><\/a>\n\t\t\t<\/div><\/figure><figure class='gallery-item'>\n\t\t\t<div class='gallery-icon portrait'>\n\t\t\t\t<a href='http:\/\/podcast.muzeumleszno.pl\/?attachment_id=318'><img decoding=\"async\" width=\"150\" height=\"150\" src=\"http:\/\/podcast.muzeumleszno.pl\/wp-content\/uploads\/2023\/05\/02-Archiwum-Panstwowe-w-Lesznie-Sad-Obwodowy-w-Lesznie-1879-1920-sygn.-128-k.-93-150x150.jpg\" class=\"attachment-thumbnail size-thumbnail\" alt=\"\" srcset=\"http:\/\/podcast.muzeumleszno.pl\/wp-content\/uploads\/2023\/05\/02-Archiwum-Panstwowe-w-Lesznie-Sad-Obwodowy-w-Lesznie-1879-1920-sygn.-128-k.-93-150x150.jpg 150w, http:\/\/podcast.muzeumleszno.pl\/wp-content\/uploads\/2023\/05\/02-Archiwum-Panstwowe-w-Lesznie-Sad-Obwodowy-w-Lesznie-1879-1920-sygn.-128-k.-93-300x300.jpg 300w, http:\/\/podcast.muzeumleszno.pl\/wp-content\/uploads\/2023\/05\/02-Archiwum-Panstwowe-w-Lesznie-Sad-Obwodowy-w-Lesznie-1879-1920-sygn.-128-k.-93-1024x1024.jpg 1024w, http:\/\/podcast.muzeumleszno.pl\/wp-content\/uploads\/2023\/05\/02-Archiwum-Panstwowe-w-Lesznie-Sad-Obwodowy-w-Lesznie-1879-1920-sygn.-128-k.-93-768x768.jpg 768w\" sizes=\"(max-width: 150px) 100vw, 150px\" \/><\/a>\n\t\t\t<\/div><\/figure><figure class='gallery-item'>\n\t\t\t<div class='gallery-icon landscape'>\n\t\t\t\t<a href='http:\/\/podcast.muzeumleszno.pl\/?attachment_id=319'><img decoding=\"async\" width=\"150\" height=\"150\" src=\"http:\/\/podcast.muzeumleszno.pl\/wp-content\/uploads\/2023\/05\/03-MLH_4570-150x150.jpg\" class=\"attachment-thumbnail size-thumbnail\" alt=\"\" srcset=\"http:\/\/podcast.muzeumleszno.pl\/wp-content\/uploads\/2023\/05\/03-MLH_4570-150x150.jpg 150w, http:\/\/podcast.muzeumleszno.pl\/wp-content\/uploads\/2023\/05\/03-MLH_4570-300x300.jpg 300w, http:\/\/podcast.muzeumleszno.pl\/wp-content\/uploads\/2023\/05\/03-MLH_4570-1024x1024.jpg 1024w, http:\/\/podcast.muzeumleszno.pl\/wp-content\/uploads\/2023\/05\/03-MLH_4570-768x768.jpg 768w\" sizes=\"(max-width: 150px) 100vw, 150px\" \/><\/a>\n\t\t\t<\/div><\/figure><figure class='gallery-item'>\n\t\t\t<div class='gallery-icon portrait'>\n\t\t\t\t<a href='http:\/\/podcast.muzeumleszno.pl\/?attachment_id=320'><img loading=\"lazy\" decoding=\"async\" width=\"150\" height=\"150\" src=\"http:\/\/podcast.muzeumleszno.pl\/wp-content\/uploads\/2023\/05\/04-Wilhelm-Dilthey-150x150.jpg\" class=\"attachment-thumbnail size-thumbnail\" alt=\"\" srcset=\"http:\/\/podcast.muzeumleszno.pl\/wp-content\/uploads\/2023\/05\/04-Wilhelm-Dilthey-150x150.jpg 150w, http:\/\/podcast.muzeumleszno.pl\/wp-content\/uploads\/2023\/05\/04-Wilhelm-Dilthey-300x300.jpg 300w\" sizes=\"(max-width: 150px) 100vw, 150px\" \/><\/a>\n\t\t\t<\/div><\/figure><figure class='gallery-item'>\n\t\t\t<div class='gallery-icon landscape'>\n\t\t\t\t<a href='http:\/\/podcast.muzeumleszno.pl\/?attachment_id=321'><img loading=\"lazy\" decoding=\"async\" width=\"150\" height=\"150\" src=\"http:\/\/podcast.muzeumleszno.pl\/wp-content\/uploads\/2023\/05\/05-Synagoga-Opole-150x150.jpg\" class=\"attachment-thumbnail size-thumbnail\" alt=\"\" srcset=\"http:\/\/podcast.muzeumleszno.pl\/wp-content\/uploads\/2023\/05\/05-Synagoga-Opole-150x150.jpg 150w, http:\/\/podcast.muzeumleszno.pl\/wp-content\/uploads\/2023\/05\/05-Synagoga-Opole-300x300.jpg 300w, http:\/\/podcast.muzeumleszno.pl\/wp-content\/uploads\/2023\/05\/05-Synagoga-Opole-1024x1024.jpg 1024w, http:\/\/podcast.muzeumleszno.pl\/wp-content\/uploads\/2023\/05\/05-Synagoga-Opole-768x768.jpg 768w\" sizes=\"(max-width: 150px) 100vw, 150px\" \/><\/a>\n\t\t\t<\/div><\/figure><figure class='gallery-item'>\n\t\t\t<div class='gallery-icon portrait'>\n\t\t\t\t<a href='http:\/\/podcast.muzeumleszno.pl\/?attachment_id=322'><img loading=\"lazy\" decoding=\"async\" width=\"150\" height=\"150\" src=\"http:\/\/podcast.muzeumleszno.pl\/wp-content\/uploads\/2023\/05\/06-Samuel-Baeck-150x150.jpg\" class=\"attachment-thumbnail size-thumbnail\" alt=\"\" srcset=\"http:\/\/podcast.muzeumleszno.pl\/wp-content\/uploads\/2023\/05\/06-Samuel-Baeck-150x150.jpg 150w, http:\/\/podcast.muzeumleszno.pl\/wp-content\/uploads\/2023\/05\/06-Samuel-Baeck-300x300.jpg 300w, http:\/\/podcast.muzeumleszno.pl\/wp-content\/uploads\/2023\/05\/06-Samuel-Baeck-768x768.jpg 768w\" sizes=\"(max-width: 150px) 100vw, 150px\" \/><\/a>\n\t\t\t<\/div><\/figure><figure class='gallery-item'>\n\t\t\t<div class='gallery-icon landscape'>\n\t\t\t\t<a href='http:\/\/podcast.muzeumleszno.pl\/?attachment_id=323'><img loading=\"lazy\" decoding=\"async\" width=\"150\" height=\"150\" src=\"http:\/\/podcast.muzeumleszno.pl\/wp-content\/uploads\/2023\/05\/07-Synagoga-Dusseldorf-150x150.jpg\" class=\"attachment-thumbnail size-thumbnail\" alt=\"\" srcset=\"http:\/\/podcast.muzeumleszno.pl\/wp-content\/uploads\/2023\/05\/07-Synagoga-Dusseldorf-150x150.jpg 150w, http:\/\/podcast.muzeumleszno.pl\/wp-content\/uploads\/2023\/05\/07-Synagoga-Dusseldorf-300x300.jpg 300w, http:\/\/podcast.muzeumleszno.pl\/wp-content\/uploads\/2023\/05\/07-Synagoga-Dusseldorf-1024x1024.jpg 1024w, http:\/\/podcast.muzeumleszno.pl\/wp-content\/uploads\/2023\/05\/07-Synagoga-Dusseldorf-768x768.jpg 768w\" sizes=\"(max-width: 150px) 100vw, 150px\" \/><\/a>\n\t\t\t<\/div><\/figure><figure class='gallery-item'>\n\t\t\t<div class='gallery-icon portrait'>\n\t\t\t\t<a href='http:\/\/podcast.muzeumleszno.pl\/?attachment_id=324'><img loading=\"lazy\" decoding=\"async\" width=\"150\" height=\"150\" src=\"http:\/\/podcast.muzeumleszno.pl\/wp-content\/uploads\/2023\/05\/08-Leo-Baeck-150x150.jpg\" class=\"attachment-thumbnail size-thumbnail\" alt=\"\" \/><\/a>\n\t\t\t<\/div><\/figure><figure class='gallery-item'>\n\t\t\t<div class='gallery-icon portrait'>\n\t\t\t\t<a href='http:\/\/podcast.muzeumleszno.pl\/?attachment_id=327'><img loading=\"lazy\" decoding=\"async\" width=\"150\" height=\"150\" src=\"http:\/\/podcast.muzeumleszno.pl\/wp-content\/uploads\/2023\/05\/11-Leo-Baeck-150x150.jpg\" class=\"attachment-thumbnail size-thumbnail\" alt=\"\" srcset=\"http:\/\/podcast.muzeumleszno.pl\/wp-content\/uploads\/2023\/05\/11-Leo-Baeck-150x150.jpg 150w, http:\/\/podcast.muzeumleszno.pl\/wp-content\/uploads\/2023\/05\/11-Leo-Baeck-300x300.jpg 300w, http:\/\/podcast.muzeumleszno.pl\/wp-content\/uploads\/2023\/05\/11-Leo-Baeck-1024x1024.jpg 1024w, http:\/\/podcast.muzeumleszno.pl\/wp-content\/uploads\/2023\/05\/11-Leo-Baeck-768x768.jpg 768w\" sizes=\"(max-width: 150px) 100vw, 150px\" \/><\/a>\n\t\t\t<\/div><\/figure><figure class='gallery-item'>\n\t\t\t<div class='gallery-icon portrait'>\n\t\t\t\t<a href='http:\/\/podcast.muzeumleszno.pl\/?attachment_id=328'><img loading=\"lazy\" decoding=\"async\" width=\"150\" height=\"150\" src=\"http:\/\/podcast.muzeumleszno.pl\/wp-content\/uploads\/2023\/05\/12-Das-Wesen-des-Judentums-150x150.jpg\" class=\"attachment-thumbnail size-thumbnail\" alt=\"\" srcset=\"http:\/\/podcast.muzeumleszno.pl\/wp-content\/uploads\/2023\/05\/12-Das-Wesen-des-Judentums-150x150.jpg 150w, http:\/\/podcast.muzeumleszno.pl\/wp-content\/uploads\/2023\/05\/12-Das-Wesen-des-Judentums-300x300.jpg 300w\" sizes=\"(max-width: 150px) 100vw, 150px\" \/><\/a>\n\t\t\t<\/div><\/figure><figure class='gallery-item'>\n\t\t\t<div class='gallery-icon portrait'>\n\t\t\t\t<a href='http:\/\/podcast.muzeumleszno.pl\/?attachment_id=329'><img loading=\"lazy\" decoding=\"async\" width=\"150\" height=\"150\" src=\"http:\/\/podcast.muzeumleszno.pl\/wp-content\/uploads\/2023\/05\/13-Leo-i-Natalia-Hamburger-150x150.jpg\" class=\"attachment-thumbnail size-thumbnail\" alt=\"\" srcset=\"http:\/\/podcast.muzeumleszno.pl\/wp-content\/uploads\/2023\/05\/13-Leo-i-Natalia-Hamburger-150x150.jpg 150w, http:\/\/podcast.muzeumleszno.pl\/wp-content\/uploads\/2023\/05\/13-Leo-i-Natalia-Hamburger-300x300.jpg 300w\" sizes=\"(max-width: 150px) 100vw, 150px\" \/><\/a>\n\t\t\t<\/div><\/figure><figure class='gallery-item'>\n\t\t\t<div class='gallery-icon portrait'>\n\t\t\t\t<a href='http:\/\/podcast.muzeumleszno.pl\/?attachment_id=330'><img loading=\"lazy\" decoding=\"async\" width=\"150\" height=\"150\" src=\"http:\/\/podcast.muzeumleszno.pl\/wp-content\/uploads\/2023\/05\/14-Golders-Green-150x150.jpg\" class=\"attachment-thumbnail size-thumbnail\" alt=\"\" aria-describedby=\"gallery-1-330\" srcset=\"http:\/\/podcast.muzeumleszno.pl\/wp-content\/uploads\/2023\/05\/14-Golders-Green-150x150.jpg 150w, http:\/\/podcast.muzeumleszno.pl\/wp-content\/uploads\/2023\/05\/14-Golders-Green-300x300.jpg 300w\" sizes=\"(max-width: 150px) 100vw, 150px\" \/><\/a>\n\t\t\t<\/div>\n\t\t\t\t<figcaption class='wp-caption-text gallery-caption' id='gallery-1-330'>\n\t\t\t\tOLYMPUS DIGITAL CAMERA\n\t\t\t\t<\/figcaption><\/figure><figure class='gallery-item'>\n\t\t\t<div class='gallery-icon landscape'>\n\t\t\t\t<a href='http:\/\/podcast.muzeumleszno.pl\/?attachment_id=331'><img loading=\"lazy\" decoding=\"async\" width=\"150\" height=\"150\" src=\"http:\/\/podcast.muzeumleszno.pl\/wp-content\/uploads\/2023\/05\/15-Synagoga-przed-1904-150x150.jpg\" class=\"attachment-thumbnail size-thumbnail\" alt=\"\" srcset=\"http:\/\/podcast.muzeumleszno.pl\/wp-content\/uploads\/2023\/05\/15-Synagoga-przed-1904-150x150.jpg 150w, http:\/\/podcast.muzeumleszno.pl\/wp-content\/uploads\/2023\/05\/15-Synagoga-przed-1904-300x300.jpg 300w, http:\/\/podcast.muzeumleszno.pl\/wp-content\/uploads\/2023\/05\/15-Synagoga-przed-1904-1024x1024.jpg 1024w, http:\/\/podcast.muzeumleszno.pl\/wp-content\/uploads\/2023\/05\/15-Synagoga-przed-1904-768x768.jpg 768w\" sizes=\"(max-width: 150px) 100vw, 150px\" \/><\/a>\n\t\t\t<\/div><\/figure><figure class='gallery-item'>\n\t\t\t<div class='gallery-icon portrait'>\n\t\t\t\t<a href='http:\/\/podcast.muzeumleszno.pl\/?attachment_id=332'><img loading=\"lazy\" decoding=\"async\" width=\"150\" height=\"150\" src=\"http:\/\/podcast.muzeumleszno.pl\/wp-content\/uploads\/2023\/05\/16-MLH-4257-150x150.jpg\" class=\"attachment-thumbnail size-thumbnail\" alt=\"\" srcset=\"http:\/\/podcast.muzeumleszno.pl\/wp-content\/uploads\/2023\/05\/16-MLH-4257-150x150.jpg 150w, http:\/\/podcast.muzeumleszno.pl\/wp-content\/uploads\/2023\/05\/16-MLH-4257-300x300.jpg 300w, http:\/\/podcast.muzeumleszno.pl\/wp-content\/uploads\/2023\/05\/16-MLH-4257-1024x1024.jpg 1024w, http:\/\/podcast.muzeumleszno.pl\/wp-content\/uploads\/2023\/05\/16-MLH-4257-768x768.jpg 768w\" sizes=\"(max-width: 150px) 100vw, 150px\" \/><\/a>\n\t\t\t<\/div><\/figure><figure class='gallery-item'>\n\t\t\t<div class='gallery-icon portrait'>\n\t\t\t\t<a href='http:\/\/podcast.muzeumleszno.pl\/?attachment_id=333'><img loading=\"lazy\" decoding=\"async\" width=\"150\" height=\"150\" src=\"http:\/\/podcast.muzeumleszno.pl\/wp-content\/uploads\/2023\/05\/17-MLH_1287-150x150.jpg\" class=\"attachment-thumbnail size-thumbnail\" alt=\"\" srcset=\"http:\/\/podcast.muzeumleszno.pl\/wp-content\/uploads\/2023\/05\/17-MLH_1287-150x150.jpg 150w, http:\/\/podcast.muzeumleszno.pl\/wp-content\/uploads\/2023\/05\/17-MLH_1287-300x300.jpg 300w, http:\/\/podcast.muzeumleszno.pl\/wp-content\/uploads\/2023\/05\/17-MLH_1287-1024x1024.jpg 1024w, http:\/\/podcast.muzeumleszno.pl\/wp-content\/uploads\/2023\/05\/17-MLH_1287-768x768.jpg 768w\" sizes=\"(max-width: 150px) 100vw, 150px\" \/><\/a>\n\t\t\t<\/div><\/figure><figure class='gallery-item'>\n\t\t\t<div class='gallery-icon portrait'>\n\t\t\t\t<a href='http:\/\/podcast.muzeumleszno.pl\/?attachment_id=334'><img loading=\"lazy\" decoding=\"async\" width=\"150\" height=\"150\" src=\"http:\/\/podcast.muzeumleszno.pl\/wp-content\/uploads\/2023\/05\/18-MLJ-IP-30-150x150.jpg\" class=\"attachment-thumbnail size-thumbnail\" alt=\"\" aria-describedby=\"gallery-1-334\" srcset=\"http:\/\/podcast.muzeumleszno.pl\/wp-content\/uploads\/2023\/05\/18-MLJ-IP-30-150x150.jpg 150w, http:\/\/podcast.muzeumleszno.pl\/wp-content\/uploads\/2023\/05\/18-MLJ-IP-30-300x300.jpg 300w, http:\/\/podcast.muzeumleszno.pl\/wp-content\/uploads\/2023\/05\/18-MLJ-IP-30-1024x1024.jpg 1024w, http:\/\/podcast.muzeumleszno.pl\/wp-content\/uploads\/2023\/05\/18-MLJ-IP-30-768x768.jpg 768w\" sizes=\"(max-width: 150px) 100vw, 150px\" \/><\/a>\n\t\t\t<\/div>\n\t\t\t\t<figcaption class='wp-caption-text gallery-caption' id='gallery-1-334'>\n\t\t\t\tList rabina Leo Baecka do pastora Martina Rutza, zawieraj\u0105cy podzi\u0119kowania i potwierdzenie odbioru zeszytu &#8222;Posener Stimmen&#8221;. Pod tekstem odr\u0119czna adnotacja opisuj\u0105ca ostatni pobyt Leo Baecka w Lesznie. Przy g\u00f3rnej kraw\u0119dzi sucha piecz\u0119c, maszynopis. Pismo datowane: 3.11.1954.\n\t\t\t\t<\/figcaption><\/figure><figure class='gallery-item'>\n\t\t\t<div class='gallery-icon portrait'>\n\t\t\t\t<a href='http:\/\/podcast.muzeumleszno.pl\/?attachment_id=336'><img loading=\"lazy\" decoding=\"async\" width=\"150\" height=\"150\" src=\"http:\/\/podcast.muzeumleszno.pl\/wp-content\/uploads\/2023\/05\/20-MLJ-IP-67a_1-150x150.jpg\" class=\"attachment-thumbnail size-thumbnail\" alt=\"\" srcset=\"http:\/\/podcast.muzeumleszno.pl\/wp-content\/uploads\/2023\/05\/20-MLJ-IP-67a_1-150x150.jpg 150w, http:\/\/podcast.muzeumleszno.pl\/wp-content\/uploads\/2023\/05\/20-MLJ-IP-67a_1-300x300.jpg 300w, http:\/\/podcast.muzeumleszno.pl\/wp-content\/uploads\/2023\/05\/20-MLJ-IP-67a_1-1024x1024.jpg 1024w, http:\/\/podcast.muzeumleszno.pl\/wp-content\/uploads\/2023\/05\/20-MLJ-IP-67a_1-768x768.jpg 768w\" sizes=\"(max-width: 150px) 100vw, 150px\" \/><\/a>\n\t\t\t<\/div><\/figure>\n\t\t<\/div>\n\n<p><strong>Transkrypcja:<\/strong><\/p>\n<p>Bardzo trudno zdefiniowa\u0107 przyczyny, dla kt\u00f3rych akurat ta, a nie inna osoba odnosi w \u017cyciu sukces, zdobywa laury, zyskuje s\u0142aw\u0119 i powszechne uznanie. Jakie sploty okoliczno\u015bci i jakie predyspozycje decyduj\u0105 o tym, \u017ce czyja\u015b droga prowadzi na szczyt. Jeszcze mniej da si\u0119 powiedzie\u0107 o tym, co decyduje o ludzkim geniuszu, co determinuje los i kszta\u0142tuje umys\u0142y jednostek wyrastaj\u0105cych ponad przeci\u0119tno\u015b\u0107, zdolnych do ogromnego wysi\u0142ku, tytaniczne, ale i wyj\u0105tkowo wra\u017cliwe. Gmina \u017cydowska w Lesznie wyda\u0142a na przestrzeni wiek\u00f3w wielu wybitnych przedstawicieli nauki, kultury i polityki. Ludzi pe\u0142nych wiedzy, rozlicznych cn\u00f3t i gotowych do po\u015bwi\u0119ce\u0144 w imi\u0119 najwy\u017cszych warto\u015bci. Jednak w\u015br\u00f3d tysi\u0119cy tych, kt\u00f3rzy si\u0119 tu urodzili, tylko jedna posta\u0107 zyska\u0142a nieprzemijaj\u0105c\u0105, \u015bwiatow\u0105 s\u0142aw\u0119. Niezwyk\u0142a umys\u0142owo\u015b\u0107 Leo Baecka sprawia, \u017ce do dzisiaj m\u00f3wi si\u0119 o nim jako o wielkim intelektuali\u015bcie. Zdolnym porusza\u0107 sumienia i zach\u0119ca\u0107 do poszukiwania odpowiedzi na najwa\u017cniejsza dla nas pytania. W pierwszej kolejno\u015bci te, kt\u00f3re konfrontuj\u0105 nas z wieczno\u015bci\u0105, okre\u015blaj\u0105 granice dobra i z\u0142a w nas oraz definiuj\u0105 nasze cz\u0142owiecze\u0144stwo.<\/p>\n<p>Leo Baeck, wybitny rabin, my\u015bliciel, filozof, etyk i pisarz, urodzi\u0142 si\u0119 23 maja 1873 roku w Lesznie. Na \u015bwiat przyszed\u0142 w budynku po\u0142o\u017conym przy dawnej ulicy Comeniusza 36 (obecnie Boles\u0142awa Chrobrego 34), stanowi\u0105cym w\u0142asno\u015b\u0107 parafii ewangelicko-reformowanej. By\u0142 synem miejscowego rabina Samuela Baecka i Ewy z domu Placzek, wnukiem morawskiego rabina krajowego Abrahama. Ich s\u0105siadami by\u0142a rodzina leszczy\u0144skiego pastora Wilhelma Bickericha. Zas\u0142u\u017conego dla Leszna propagatora dziej\u00f3w miasta i autora licznych opracowa\u0144 po\u015bwi\u0119conych historii braci czeskich i ich zwi\u0105zkom z Wielkopolsk\u0105.<\/p>\n<p>Leo Baeck mia\u0142 dziesi\u0119cioro rodze\u0144stwa. W latach 1882-1891, podobnie jak wi\u0119kszo\u015b\u0107 jego \u017cydowskich koleg\u00f3w, ucz\u0119szcza\u0142 do Kr\u00f3lewskiego Gimnazjum w Lesznie. Tam uzyska\u0142 \u015bwiadectwo maturalne. W 1891 roku rozpocz\u0105\u0142 studia we wroc\u0142awskim \u017bydowskim Seminarium Teologicznym. W\u015br\u00f3d jego nauczycieli i profesor\u00f3w wymienia si\u0119 historyka i egzeget\u0119 Markusa Branna z Rawicza, rabina Israela Lewy\u2019ego, teologa Siegmunda Maybauma i filozofa religii Davida Rosina z Olesna. R\u00f3wnolegle studiowa\u0142 filozofi\u0119 na Uniwersytecie Wroc\u0142awskim pod kierunkiem Jacoba Freudenthala, specjalisty w zakresie bada\u0144 nad filozofi\u0105 staro\u017cytnej Grecji i dzie\u0142ami Barucha Spinozy.<br \/>\nOd 1893 roku Baeck kontynuowa\u0142 studia w berli\u0144skim Liberalnym Seminarium Rabinicznym. S\u0142ucha\u0142 w nim wyk\u0142ad\u00f3w etyka i psychologa Heymanna Steinthala, historyka Joela M\u00fcllera oraz talmudysty Eduarda Banetha. Podj\u0105\u0142 tak\u017ce studia historyczne i filozoficzne w tamtejszym Uniwersytecie, u niemieckiego humanisty, teologa i pedagoga Wilhelma Diltheya, jednego z za\u0142o\u017cycieli \u2013 obok Fryderyka Nitschego \u2013 niemieckiego nurtu filozofii \u017cycia. Dotkliwy brak \u015brodk\u00f3w finansowych, kt\u00f3ry bardzo dokucza\u0142 Baeckowi w okresie nauki sprawi\u0142, \u017ce niejednokrotnie zmuszony by\u0142 do korzystania z r\u00f3\u017cnych form pomocy i \u015bwiadcze\u0144 socjalnych. Studia uko\u0144czy\u0142 mi\u0119dzy innymi dzi\u0119ki wsparciu Fundacji Mosesa Mendelssohna. Niewielkie wynagrodzenie otrzymywa\u0142 tak\u017ce od berli\u0144skiej gminy wyznaniowej za prowadzenie wyk\u0142ad\u00f3w w wy\u017cszej szkole dla dziewcz\u0105t i podczas kurs\u00f3w dokszta\u0142caj\u0105cych dla m\u0142odych kobiet. Jak odnotowali kronikarze i biografowie Baecka, nie sta\u0107 go by\u0142o nawet na zakup ksi\u0105\u017cek, co skazywa\u0142o go na wielogodzinne pobyty w bibliotekach. Ostatecznie, praca ta okaza\u0142a si\u0119 niezwykle po\u017cyteczna, wydaj\u0105c w przysz\u0142o\u015bci nadzwyczajne owoce.<\/p>\n<p>Dyplom rabina Leo Baeck otrzyma\u0142 25 maja 1897 roku, dwa dni po swoich dwudziestych czwartych urodzinach. Nieco wcze\u015bniej, bo w 1895 roku, uzyska\u0142 tytu\u0142 doktora filozofii za rozpraw\u0119: Wp\u0142yw Spinozy na Niemcy (Berlin 1895). Jej promotorem by\u0142 Wilhelm Dilthey. W\u015br\u00f3d recenzent\u00f3w dysertacji Baecka znale\u017ali si\u0119: filozof Joseph Wiener, historyk i wsp\u00f3\u0142autor monografii po\u015bwi\u0119conej dziejom \u017byd\u00f3w w staro\u017cytnym Rzymie Paul Rieger oraz Hermann Vogelstein, starszy kolega ze studi\u00f3w, p\u00f3\u017aniejszy naczelny rabin gminy \u017cydowskiej w Kr\u00f3lewcu i we Wroc\u0142awiu.<\/p>\n<p>Ju\u017c w grudniu 1896 roku, a wi\u0119c jeszcze przed uko\u0144czeniem edukacji w seminarium, Leo Baeck ubiega\u0142 si\u0119 o posad\u0119 rabina w stolicy Prus Wschodnich. Jego kandydatura nie zosta\u0142a jednak przyj\u0119ta. W maju 1897 roku, po \u015bmierci opolskiego rabina Adolpha Wienera i kr\u00f3tkim pobycie w tym mie\u015bcie Hermanna Vogelsteina, Baeck wybrany zosta\u0142, jako jeden z czterech kandydat\u00f3w, na stanowisko naczelnego rabina w Opolu. M\u0142oda, licz\u0105ca oko\u0142o 750 cz\u0142onk\u00f3w gmina wyznaniowa z otwartymi ramionami przyj\u0119\u0142a reprezentanta nowego, liberalnego nurtu judaizmu, jaki pod koniec XIX wieku rozwin\u0105\u0142 si\u0119 w Niemczech. Jeszcze w tym samym roku przypad\u0142 mu w udziale zaszczyt po\u015bwi\u0119cenia i otwarcia nowej opolskiej synagogi. Zbudowano j\u0105 wed\u0142ug projektu znanego wroc\u0142awskiego architekta Felixa Henr\u00ff&#8217;ego. Po odm\u00f3wieniu modlitwy i zapaleniu wiecznej lampki, Baeck wyg\u0142osi\u0142 uroczyste kazanie, o kt\u00f3rym bardzo pochlebnie wypowiada\u0142a si\u0119 zar\u00f3wno \u017cydowska, jak i niemiecka prasa.<br \/>\nObok wype\u0142niania obowi\u0105zk\u00f3w rabina i intensywnej pracy naukowej, Baeck zajmowa\u0142 si\u0119, podobnie jak jego ojciec w Lesznie, kszta\u0142ceniem m\u0142odzie\u017cy. Przez kilka lat uczy\u0142 \u017cydowskiej religii w opolskim gimnazjum. Przewodzi\u0142 ponadto miejscowemu Stowarzyszeniu \u017bydowskiej Historii i Literatury i zasiada\u0142 we w\u0142adzach deputacji szkolnej. Pozostawa\u0142 r\u00f3wnie\u017c aktywnym cz\u0142onkiem komitetu Centralnego Stowarzyszenia Gmin \u017bydowskich w Niemczech. Mimo sceptycznego stosunku do idei syjonistycznej i podpisania g\u0142o\u015bnej odezwy krytykuj\u0105cej za\u0142o\u017cenia syjonizmu jako ruchu politycznego, wyst\u0119powa\u0142 na forum wymienionej organizacji przeciwko antysyjonistycznym deklaracjom, popieranym przez wi\u0119kszo\u015b\u0107 niemieckich rabin\u00f3w. Nie przysporzy\u0142o mu to przyjaci\u00f3\u0142, podobnie jak odprawianie nabo\u017ce\u0144stw w j\u0119zyku krajowym, z czym nie zgadza\u0142y si\u0119 \u015brodowiska ortodoksyjnych \u017byd\u00f3w na G\u00f3rnym \u015al\u0105sku. Baeck zawsze k\u0142ad\u0142 nacisk na u\u017cywanie j\u0119zyka niemieckiego podczas uroczysto\u015bci religijnych, propagowa\u0142 muzyk\u0119 organow\u0105 i ch\u00f3ry mieszane.<br \/>\nW czerwcu 1907 roku Leo Baeck zosta\u0142 wybrany na rabina w Pil\u017anie. Po d\u0142u\u017cszym namy\u015ble i odrzuceniu oferty, skorzysta\u0142 z zaproszenia gminy w D\u00fcsseldorfie, gdzie obj\u0105\u0142 urz\u0105d naczelnego rabina, piastowany do 1912 roku. Jego po\u017cegnanie z opolsk\u0105 gmin\u0105 mia\u0142o miejsce 26 wrze\u015bnia 1907 roku. Bliskie, wr\u0119cz serdeczne kontakty jakie uda\u0142o mu si\u0119 nawi\u0105za\u0107 w ci\u0105gu dziesi\u0119ciu lat z mieszka\u0144cami Opola, nie tylko wyznania moj\u017ceszowego ale i z chrze\u015bcijanami sprawi\u0142y, \u017ce opuszcza\u0142 miasto z ci\u0119\u017ckim sercem. W opinii wsp\u00f3\u0142czesnych odchodzi\u0142 jako wypr\u00f3bowany i zas\u0142u\u017cony nauczyciel, kaznodzieja i uczony, kt\u00f3rego imi\u0119 jeszcze na d\u0142ugo mia\u0142o pozosta\u0107 bliskie wszystkim opolskim \u017bydom.<\/p>\n<p>Wyjazd do D\u00fcsseldorfu otworzy\u0142 przed Baeckiem nowe perspektywy i w istotny spos\u00f3b wp\u0142yn\u0105\u0142 na dalszy bieg jego zawodowej i naukowej kariery. Prac\u0119 w licz\u0105cej 3.000 cz\u0142onk\u00f3w gminie rozpocz\u0105\u0142 3 pa\u017adziernika 1907 roku, obejmuj\u0105c stanowisko po Samsonie Hochfeldzie, zwolenniku reformy judaizmu. Podobnie jak w Opolu udziela\u0142 si\u0119 jako kaznodzieja oraz nauczyciel, wyk\u0142adaj\u0105c biblijn\u0105 i \u017cydowsk\u0105 histori\u0119, religi\u0119, a tak\u017ce etyk\u0119 i filozofi\u0119 w gimnazjum realnym. Domaga\u0142 si\u0119 r\u00f3wnie\u017c nauczania i wychowania religijnego dla dziewcz\u0105t oraz wprowadzenia obrz\u0119du bat micwy, kt\u00f3ry zwi\u0105zany by\u0142 z wej\u015bciem dziewczynek &#8211; po uko\u0144czeniu przez nie 12 roku \u017cycia \u2013 w okres doros\u0142o\u015bci. Zaanga\u017cowa\u0142 si\u0119 ponadto w dzia\u0142alno\u015b\u0107 miejscowych organizacji \u017cydowskich, propaguj\u0105c wzajemn\u0105 tolerancj\u0119 i przekonuj\u0105c do wsp\u00f3\u0142pracy na rzecz interes\u00f3w ca\u0142ej lokalnej wsp\u00f3lnoty. W 1912 roku zosta\u0142 powo\u0142any na urz\u0105d rabina do Berlina, a w 1913 roku zosta\u0142 docentem w miejscowej Wy\u017cszej Szko\u0142y Nauk \u017bydowskich. W kontynuacji podj\u0119tej pracy stan\u0105\u0142 na przeszkodzie wybuch I wojny \u015bwiatowej i nowe obowi\u0105zki, z kt\u00f3rymi przysz\u0142o mu si\u0119 zmierzy\u0107.<\/p>\n<p>We wrze\u015bniu 1914 roku Leo Baeck znalaz\u0142 si\u0119 w grupie pierwszych sze\u015bciu rabin\u00f3w, powo\u0142anych jako kapelani do niemieckiej armii. B\u0119d\u0105c rabinem polowym, sp\u0119dzi\u0142 na froncie ponad cztery lata, obje\u017cd\u017caj\u0105c Francj\u0119, Belgi\u0119, Polsk\u0119, Rosj\u0119, Litw\u0119 i \u0141otw\u0119. Obok opieki nad \u017co\u0142nierzami, odwiedzaniem rannych i chorych oraz sprawowaniem duszpasterskiej pos\u0142ugi, wielokrotnie bra\u0142 w tym okresie udzia\u0142 w konferencjach rabin\u00f3w polowych, mi\u0119dzy innymi w St. Quentin w sierpniu 1915 roku i w Rydze w lutym 1918 roku. Baeck by\u0142 nie tylko ich wsp\u00f3\u0142organizatorem, ale i uznawanym ju\u017c w \u015brodowisku autorytetem, od kt\u00f3rego oczekiwano rad i wskaz\u00f3wek. \u017bydzi niemieccy, nie b\u0119d\u0105cy stron\u0105 w tocz\u0105cym si\u0119 \u015bwiatowym konflikcie, kt\u00f3rego ofiar\u0105 pad\u0142y setki tysi\u0119cy \u017co\u0142nierzy i cywil\u00f3w, chcieli mie\u0107 pewno\u015b\u0107, \u017ce ich zaanga\u017cowanie nie pozostaje w sprzeczno\u015bci z zasadami wyznawanej religii. Swoj\u0105 postaw\u0105 rabin Baeck i jego koledzy wskazywali na potrzeb\u0119 ponoszenia pe\u0142nej odpowiedzialno\u015bci za kraj zamieszkania, w tym tak\u017ce obron\u0119 jego interes\u00f3w z broni\u0105 w r\u0119ku. Judaizm mia\u0142 wi\u0119c jedynie pe\u0142ni\u0107 rol\u0119 religijnego znacznika, wyr\u00f3\u017cniaj\u0105cego okre\u015blon\u0105, w pe\u0142ni ju\u017c zasymilowan\u0105 cz\u0119\u015b\u0107 niemieckiego narodu.<\/p>\n<p>Z chwil\u0105 zako\u0144czenia wojny Leo Baeck powr\u00f3ci\u0142 do Berlina, gdzie podj\u0105\u0142 przerwan\u0105 prac\u0119 jako rabin oraz docent w swojej macierzystej uczelni. Wyk\u0142ada\u0142 homiletyk\u0119 \u2013 dzia\u0142 teologii zajmuj\u0105cy si\u0119 g\u0142oszeniem kaza\u0144 i literatur\u0119 midraszow\u0105. Jako ceniony ju\u017c w tym czasie my\u015bliciel i filozof, zapraszany by\u0142 tak\u017ce na wyk\u0142ady do innych uczelni, w tym chrze\u015bcija\u0144skich seminari\u00f3w teologicznych. Otwarcie i z pe\u0142nym przekonaniem wypowiada\u0142 si\u0119 tam przeciwko teologii protestanckiej i to zar\u00f3wno w kontek\u015bcie antysemickiej tradycji piel\u0119gnowanej przez lutera\u0144sk\u0105 reformacj\u0119, jak r\u00f3wnie\u017c uniwersyteckim nowinkom, kt\u00f3re podwa\u017ca\u0142y warto\u015b\u0107 Biblii jako natchnionego przez Boga i skierowanego do ludzi duchowego przes\u0142ania.<br \/>\nB\u0119d\u0105c jedn\u0105 z czo\u0142owych osobisto\u015bci liberalnego nurtu w judaizmie, Leo Baeck zosta\u0142 w 1922 roku wybrany przewodnicz\u0105cym Zwi\u0105zku Rabin\u00f3w w Niemczech, a w 1924 roku prezydentem Niemieckiego Dystryktu Zakonu B\u2019nei B\u2019rith. Wybrano go r\u00f3wnie\u017c, jako jedynego nie syjonist\u0119, cz\u0142onkiem Prezydium Towarzystwa Pal\u00e4stinahilfswerks Keren Hajessod (Funduszu Odbudowy Palestyny) w Niemczech oraz prezydentem Centralnego Towarzystwa Pomocy Spo\u0142ecznej Niemieckich \u017byd\u00f3w. Jego przyw\u00f3dcze zdolno\u015bci sprawi\u0142y, \u017ce po doj\u015bciu nazist\u00f3w do w\u0142adzy zosta\u0142 w 1933 roku wybrany prze\u0142o\u017conym niemieckich \u017byd\u00f3w i prezydentem Przedstawicielstwa \u017byd\u00f3w w Niemczech. Maj\u0105c \u015bwiadomo\u015b\u0107 zbli\u017caj\u0105cego si\u0119 kresu dziej\u00f3w \u017cydowskiej wsp\u00f3lnoty w III Rzeszy, stara\u0142 si\u0119 w miar\u0119 mo\u017cliwo\u015bci zapewni\u0107 bezpiecze\u0144stwo swoim wsp\u00f3\u0142wyznawcom i ogranicza\u0107 wp\u0142yw antysemickiego ustawodawstwa. Wsp\u00f3lnie z Otto Hirschem, prawnikiem i przewodnicz\u0105cym gminy \u017cydowskiej w Berlinie, organizowa\u0142 pomoc ekonomiczn\u0105, \u015brodki na emigracj\u0119, dobroczynno\u015b\u0107, edukacj\u0119 i kultur\u0119. Mimo kilkukrotnego aresztowania przez Gestapo i otrzymaniu wielu propozycji wyjazdu z Niemiec, postanowi\u0142 do ko\u0144ca pozosta\u0107 ze swoimi wsp\u00f3\u0142wyznawcami. W 1939 roku wywi\u00f3z\u0142 do Anglii poci\u0105g pe\u0142en \u017cydowskich dzieci, a nast\u0119pnie powr\u00f3ci\u0142 do Niemiec. Zar\u00f3wno w \u017cyciu publicznym jak i prywatnym, jego postawa by\u0142a wzorem moralnego oporu. Pod koniec lat 30. XX wieku, dok\u0142adnie w po\u0142owie 1938 roku, po raz ostatni przyjecha\u0142 do Leszno, aby przywo\u0142a\u0107 obrazy z dzieci\u0144stwa i zm\u00f3wi\u0107 modlitw\u0119 na grobie ojca.<\/p>\n<p>W okresie II wojny \u015bwiatowej Leo Baeck, jako naczelny rabin Niemiec, musia\u0142 wielokrotnie stawia\u0107 czo\u0142a nazistowskiej przemocy. Przypad\u0142o mu tak\u017ce w udziale trudne zadanie organizowania \u017cycia \u017cydowskiej diaspory i szukania dr\u00f3g ocalenia dla tych, kt\u00f3rym mo\u017cna by\u0142o jeszcze pom\u00f3c. Niestety, w 1943 roku wraz z innymi berli\u0144skimi \u017bydami zosta\u0142 wywieziony do obozu koncentracyjnego w Terezinie. Mianowano go tam honorowym przewodnicz\u0105cym Rady \u017bydowskiej. Zajmowa\u0142 si\u0119 organizowaniem nauki religii, odczyt\u00f3w z zakresu historii, filozofii \u017cydowskiej i filozofii klasycznej oraz podtrzymywaniem \u017cycia duchowego. Z racji s\u0142abego wzroku ju\u017c w m\u0142odo\u015bci nauczy\u0142 si\u0119 wyg\u0142aszania kaza\u0144 i odmawiania modlitw z pami\u0119ci. W sytuacji w jakiej si\u0119 znalaz\u0142, pozwoli\u0142o mu to na nauczanie bez ksi\u0105\u017cek. Gdy Niemcy zadecydowali o jego deportacji do obozu zag\u0142ady, jedynie dzi\u0119ki nieporozumieniu i zabraniu kogo\u015b o podobnym nazwisku, unikn\u0105\u0142 \u015bmierci. W obozach zag\u0142ady \u2013 w Terezinie i Auschwitz \u2013 zgin\u0119\u0142y jednak cztery jego siostry (Friederike, Louise, Anna i Therese) oraz najm\u0142odszy brat Richard. Z holocaustu ocala\u0142a tylko jedna z si\u00f3str, Karolina.<\/p>\n<p>Po zako\u0144czeniu wojny Leo Baeck osiad\u0142 w Londynie. Wybrano go tam mi\u0119dzy innymi prezydentem Rady \u017byd\u00f3w z Niemiec, a tak\u017ce przewodnicz\u0105cym \u015awiatowej Unii dla Judaizmu Post\u0119powego. Od 1948 roku wyk\u0142ada\u0142 jako profesor historii i religii w najwi\u0119kszej ameryka\u0144skiej, liberalnej uczelni rabinackiej, w Hebrew Union College w Cincinnati. Pracowa\u0142 tam wsp\u00f3lnie z innym absolwentem leszczy\u0144skiego gimnazjum Eugenem Taeublerem, pochodz\u0105cym z Gostynia historykiem i profesorem literatury klasycznej i biblijnej. Swoje wyk\u0142ady wyg\u0142asza\u0142 tak\u017ce na wielu ameryka\u0144skich uniwersytetach: w Chicago, Los Angeles, Miami i Nowym Jorku, a ponadto w Kanadzie, Szwajcarii, Francji i na Uniwersytecie Hebrajskim w Jerozolimie. W Londynie dopom\u00f3g\u0142 w za\u0142o\u017ceniu mi\u0119dzynarodowego instytutu zajmuj\u0105cego si\u0119 badaniami nad histori\u0105 \u017byd\u00f3w w Niemczech i Europie \u015arodkowej, kt\u00f3ry nazwano jego imieniem. W 1954 roku zosta\u0142 jego pierwszym prezydentem.<\/p>\n<p>Leo Baeck uznawany jest powszechnie za jednego z najwybitniejszych filozof\u00f3w, teolog\u00f3w i my\u015blicieli \u017cydowskich XX wieku. Ju\u017c jego pierwsze artyku\u0142y wskazywa\u0142y na nieprzeci\u0119tny umys\u0142 i zapowiada\u0142y w nim obro\u0144c\u0119 klasycznej my\u015bli \u017cydowskiej. W 1901 roku napisa\u0142 polemiczny artyku\u0142 skierowany przeciwko pracy protestanckiego teologa Adolfa von Harnacka Das Wesen des Christentums (Istota chrze\u015bcija\u0144stwa) \u2013 zatytu\u0142owany Harnacks Verlesungen \u00fcber das Wesen des Christentums \u2013 Wyk\u0142ady Harnacka o istocie chrze\u015bcija\u0144stwa (Breslau 1902). W cztery lata p\u00f3\u017aniej wyda\u0142 swoje g\u0142\u00f3wne dzie\u0142o Das Wesen des Judentums (Istota Judaizmu, Berlin 1905), kt\u00f3re przesz\u0142o do historii wsp\u00f3\u0142czesnej filozofii \u017cydowskiej. W samych Niemczech doczeka\u0142o si\u0119 dziesi\u0119ciu wznowie\u0144, a t\u0142umaczone by\u0142o na wiele j\u0119zyk\u00f3w \u015bwiata, tak\u017ce na japo\u0144ski. Sedno judaizmu wynika wg Baecka z jego moralno\u015bci, pobudzaj\u0105cej wiernych do czynu zdolnego przekszta\u0142ca\u0107 rzeczywisto\u015b\u0107, podczas gdy chrze\u015bcija\u0144stwo zak\u0142ada jedynie bierne oczekiwanie na zbawienie. Przeciwstawia\u0142 on \u201ekonkretnego ducha\u201d judaizmu abstrakcyjnemu, \u201eromantycznemu duchowi\u201d chrze\u015bcija\u0144stwa. Polemiczne uwagi na temat chrze\u015bcija\u0144stwa pojawia\u0142y si\u0119 tak\u017ce w innych jego pracach. Polemika ta nie stanowi\u0142a jednak podstawy my\u015bli filozoficznej Baecka. Naczeln\u0105 ide\u0105 by\u0142 cz\u0142owiek i jego droga do Boga, na kt\u00f3rej, w oparciu o rozpoznanie Prawa i wype\u0142nianie zawartych w nim nakaz\u00f3w, osi\u0105ga si\u0119 stan wolno\u015bci. Poprzez dzia\u0142anie cz\u0142owiek zmierza do celu, jakim jest polepszanie \u015bwiata. G\u0142\u0119boki humanizm le\u017c\u0105cy u podstaw jego systemu i pe\u0142na tolerancji postawa wobec ludzi, zjedna\u0142y mu przyja\u017a\u0144 najwybitniejszych intelektualist\u00f3w jego czas\u00f3w, w tym Alberta Einsteina, Rabindranatha Tagore, czy Martina Bubera. Wyra\u017ca\u0142y to tak\u017ce opinie, jakie pojawia\u0142y si\u0119 przy okazji publikacji kolejnych jego dzie\u0142: Wege in Judentum (Drogi w judaizmie, 1933), Die Pharisaer (Faryzeusze, 1934), Dieses Volk. J\u00fcdische Existenz (Ten nar\u00f3d. \u017bydowskie istnienie, 1955-57, 2 tomy), czy wydanych ju\u017c po jego \u015bmierci: Judaism and Christianity (Judaizm i chrze\u015bcija\u0144stwo, 1958) oraz This People Israel (Ten lud Izraela, 1965). To oczywi\u015bcie tylko niekt\u00f3re spo\u015br\u00f3d najwa\u017cniejszych publikacji jego autorstwa.<\/p>\n<p>Baeck wsp\u00f3\u0142pracowa\u0142 z wieloma pismami naukowymi, nie tylko \u017cydowskimi, zar\u00f3wno w Niemczech, jak i p\u00f3\u017aniej w Anglii i Stanach Zjednoczonych Ameryki. Liczb\u0119 jego artyku\u0142\u00f3w, esej\u00f3w, rozpraw, kaza\u0144 i innych tekst\u00f3w oblicza si\u0119 na kilkaset. Za jego dokonania kilkakrotnie wyr\u00f3\u017cniano go tytu\u0142em \u201edoktora honoris causa\u201d, mi\u0119dzy innymi w Jewish Institute of Religion w Nowym Jorku i w Jewish Theological Seminary of America. Mia\u0142 liczne grono uczni\u00f3w, kt\u00f3rzy kontynuowali jego dzie\u0142o w dziedzinie bada\u0144 nad histori\u0105 \u017byd\u00f3w i judaizmu, ale r\u00f3wnie\u017c poszukiwa\u0144 w obszarze \u017cydowskiej teologii, sztuki i kultury. W\u015br\u00f3d tych, kt\u00f3rzy zyskali wysok\u0105 pozycj\u0119 w \u015bwiecie \u017cydowskiej nauki wymienia si\u0119: Roberta Raphaela Geisa, rabina w Hessen, Zurychu i Amsterdamie, Nathana Petera Levinsona, teologa i znawc\u0119 biblijnej symboliki, Alberta Hoschandra Friedl\u00e4ndera, rabina w \u015bw\u0105tyni Bnei Brith w Pensylwanii i wiceprezydenta \u015awiatowej Unii Post\u0119powego Judaizmu (tak\u017ce biografa Leo Baecka), Jacoba Josefa Petuchowskiego, profesora \u017cydowskiej liturgii i teologii, Wolfganga Hamburgera, cz\u0142onka Centralnej Konferencji Rabin\u00f3w Ameryka\u0144skich, Franza Landsbergera, historyka sztuki i dyrektora \u017bydowskiego Muzeum w Berlinie oraz Aleksandra Guttmanna, profesora i wyk\u0142adowc\u0119 Talmudu w Hebrew Union College w Cincinnati.<br \/>\n3 pa\u017adziernika 1899 roku Leo Baeck po\u015blubi\u0142 w Opolu swoj\u0105 by\u0142\u0105 uczennic\u0119, Natali\u0119 Hamburger. Jego wybranka pochodzi\u0142a z Ko\u015bciana i by\u0142a c\u00f3rk\u0105 opolskiego kupca Herza Hamburgera i Iske z domu Wiener. Jej dziadkiem by\u0142 z kolei wspomniany wcze\u015bniej Adolf Wiener, kontrowersyjny rabin i intelektualista dzia\u0142aj\u0105cego w Zielonej G\u00f3rze, Ko\u015bcianie i Opolu \u2013 ucze\u0144 Akiby Egera. Z ma\u0142\u017ce\u0144stwa z Natali\u0105 przysz\u0142a na \u015bwiat tylko jedna c\u00f3rka, Ruth Auguste, urodzona w 1900 roku w Opolu, zmar\u0142a w 1956 roku w Londynie, \u017cona pozna\u0144czyka i kupca Hermanna Berlaka. Jedyna wnuczka Leo Baecka, Marianna Cecylia, po\u015blubi\u0142a ameryka\u0144skiego rabina Alfreda Stanleya Dreyfusa. Jej synowie, James Nathaniel i Richard Baeck, nie wkroczyli na \u015bcie\u017ck\u0119, kt\u00f3r\u0105 pod\u0105\u017ca\u0142 ich wielki przodek. Leo Baeck by\u0142 wi\u0119c ostatnim przedstawicielem rodziny w linii m\u0119skiej, kt\u00f3ry reprezentowa\u0142 najszlachetniejsz\u0105 z \u017cydowskich profesji \u2013 uczonego w pi\u015bmie, teologa, nauczyciela i rabina. Zmar\u0142 2 listopada 1956 roku w Londynie. Pochowano go na \u017cydowskim cmentarzu Golders Green. Symboliczny gr\u00f3b Baecka znajduje si\u0119 tak\u017ce na cmentarzu Wei\u00dfensee w Berlinie. Na jego cze\u015b\u0107 nazwane zosta\u0142y liczne \u017cydowskie szko\u0142y i instytucje, a w 1991 roku \u2013 odkryta przez naukowc\u00f3w z obserwatorium w Tautenburgu planetoida o numerze (100047) \u2013 otrzyma\u0142a imi\u0119 Leobaeck.<\/p>\n","protected":false},"excerpt":{"rendered":"<p>Kim by\u0142 Leo Baeck? Czym zas\u0142yn\u0105? Dlaczego warto kultywowa\u0107 pami\u0119\u0107 o nim? O tym opowiada Dariusz Czwojdrak, historyk Muzeum Okr\u0119gowego w Lesznie. Transkrypcja: Bardzo trudno zdefiniowa\u0107 przyczyny, dla kt\u00f3rych akurat [&hellip;]<\/p>\n","protected":false},"author":3,"featured_media":0,"comment_status":"closed","ping_status":"open","sticky":false,"template":"","format":"standard","meta":{"footnotes":""},"categories":[5,6],"tags":[],"class_list":["post-314","post","type-post","status-publish","format-standard","hentry","category-podcast","category-postacie"],"_links":{"self":[{"href":"http:\/\/podcast.muzeumleszno.pl\/index.php?rest_route=\/wp\/v2\/posts\/314","targetHints":{"allow":["GET"]}}],"collection":[{"href":"http:\/\/podcast.muzeumleszno.pl\/index.php?rest_route=\/wp\/v2\/posts"}],"about":[{"href":"http:\/\/podcast.muzeumleszno.pl\/index.php?rest_route=\/wp\/v2\/types\/post"}],"author":[{"embeddable":true,"href":"http:\/\/podcast.muzeumleszno.pl\/index.php?rest_route=\/wp\/v2\/users\/3"}],"replies":[{"embeddable":true,"href":"http:\/\/podcast.muzeumleszno.pl\/index.php?rest_route=%2Fwp%2Fv2%2Fcomments&post=314"}],"version-history":[{"count":4,"href":"http:\/\/podcast.muzeumleszno.pl\/index.php?rest_route=\/wp\/v2\/posts\/314\/revisions"}],"predecessor-version":[{"id":403,"href":"http:\/\/podcast.muzeumleszno.pl\/index.php?rest_route=\/wp\/v2\/posts\/314\/revisions\/403"}],"wp:attachment":[{"href":"http:\/\/podcast.muzeumleszno.pl\/index.php?rest_route=%2Fwp%2Fv2%2Fmedia&parent=314"}],"wp:term":[{"taxonomy":"category","embeddable":true,"href":"http:\/\/podcast.muzeumleszno.pl\/index.php?rest_route=%2Fwp%2Fv2%2Fcategories&post=314"},{"taxonomy":"post_tag","embeddable":true,"href":"http:\/\/podcast.muzeumleszno.pl\/index.php?rest_route=%2Fwp%2Fv2%2Ftags&post=314"}],"curies":[{"name":"wp","href":"https:\/\/api.w.org\/{rel}","templated":true}]}}